{"id":947,"date":"2024-08-18T10:43:56","date_gmt":"2024-08-18T08:43:56","guid":{"rendered":"https:\/\/www.itsimon.at\/blog\/?p=947"},"modified":"2024-08-18T10:43:56","modified_gmt":"2024-08-18T08:43:56","slug":"windows-11-23h2-und-desktopsymole-spacing","status":"publish","type":"post","link":"https:\/\/www.itsimon.at\/blog\/?p=947","title":{"rendered":"Windows 11 (23H2) und Desktopsymole &#8222;Spacing&#8220;"},"content":{"rendered":"\n<p>Ein Thema, das mir schon auf der VDI untergekommen ist, dem ich dort aber keine Beachtung schenkte, hat pl\u00f6tzlich auch meinen privaten PC mit Win11 befallen.<\/p>\n\n\n\n<p>Nach dem Neustart waren die Symbole pl\u00f6tzlich sehr weit auseinander platziert. Die Kachel nahm in der Breite die doppelte Gr\u00f6\u00dfe ein, wie noch beim vorherigen Systemstart.<\/p>\n\n\n\n<p>Eine kurze Recherche zeigt, dass es zwar hier keinen Windows-GUI f\u00fcr die Einstellung gibt, aber daf\u00fcr ein User-Registry-Eintrag die Gr\u00f6\u00dfer dieser Kacheln anpassen l\u00e4sst &#8211; Stichwort &#8222;IconSpacing&#8220; &#8211; nachzulesen etwas hier: <a href=\"https:\/\/www.elevenforum.com\/t\/change-desktop-icon-horizontal-and-vertical-spacing-in-windows-11.4819\/\">Change Desktop Icon Horizontal and Vertical Spacing in Windows 11 Tutorial | Windows 11 Forum (elevenforum.com)<\/a><\/p>\n\n\n\n<p><strong>Zusammengefasst:<\/strong><br><span data-xf-init=\"tooltip\" aria-label=\"Click to copy to clipboard\" data-original-title=\"Click to copy to clipboard\" id=\"js-XFUniqueId6\" style=\"box-sizing: border-box; color: rgb(29, 29, 29); font-family: &quot;Segoe UI&quot;, &quot;Helvetica Neue&quot;, Helvetica, Roboto, Oxygen, Ubuntu, Cantarell, &quot;Fira Sans&quot;, &quot;Droid Sans&quot;, sans-serif; font-size: 18px; white-space-collapse: collapse;\"><code class=\"bbCodeInline\" data-xf-init=\"copy-to-clipboard\" data-copy-text=\"HKEY_CURRENT_USER\\Control Panel\\Desktop\\WindowMetrics\" style=\"box-sizing: border-box; font-family: Monaco, Menlo, Consolas, &quot;roboto mono&quot;, &quot;andale mono&quot;, &quot;ubuntu mono&quot;, monospace; font-size: 16.2px; background: rgb(249, 249, 249); border: 1px solid rgb(238, 238, 238); border-radius: 4px; padding: 1px 6px; line-height: 1.4; -webkit-box-decoration-break: clone; white-space-collapse: preserve;\">HKEY_CURRENT_USER\\Control Panel\\Desktop\\WindowMetrics<\/code><\/span><span style=\"color: rgb(29, 29, 29); font-family: &quot;Segoe UI&quot;, &quot;Helvetica Neue&quot;, Helvetica, Roboto, Oxygen, Ubuntu, Cantarell, &quot;Fira Sans&quot;, &quot;Droid Sans&quot;, sans-serif; font-size: 18px; white-space-collapse: collapse;\">\u200b<\/span><\/p>\n\n\n\n<p><div><span style=\"color: rgb(29, 29, 29); font-family: &quot;Segoe UI&quot;, &quot;Helvetica Neue&quot;, Helvetica, Roboto, Oxygen, Ubuntu, Cantarell, &quot;Fira Sans&quot;, &quot;Droid Sans&quot;, sans-serif; font-size: 18px; white-space-collapse: collapse;\"><\/span><\/div><\/p>\n\n\n\n<p>Hier wird im IconSpacing-Key der horizontale Abstand eingestellt: <strong>-1528<\/strong> (Default: -1128)<br>und im IconVerticalSpacing der vertikale Abstand: <strong>-1128<\/strong> (Default -1128)<\/p>\n\n\n\n<p><a href=\"https:\/\/www.tenforums.com\/tutorials\/16941-change-desktop-icon-spacing-windows-10-a.html\" target=\"_blank\" rel=\"noreferrer noopener\">Der Wert des\u00a0<strong>IconSpacing<\/strong>-Registry-Schl\u00fcssels bestimmt den horizontalen Abstand zwischen Desktop-Symbolen in Windows und kann zwischen -480 (enger) und -2730 (weiter) eingestellt werden<\/a>. Vertical Spacing ist entsprechend identisch.<\/p>\n\n\n\n<p>Das Minus davor ist wichtig, dader Wert offenbar ein Offset angibt. Dieses Verh\u00e4ltnis zwischen Horizontal und Vertikal wird beim \u00c4ndern der Ansicht \u00fcber das Kontextmen\u00fc des Desktop in gro\u00dfe\/kleine Symbole \u00fcbernommen. Man kann also wie bisher mit Mausrad oder der Voreinstellung im Men\u00fc die Gr\u00f6\u00dfe der Symbole bestimmen &#8211; die Abst\u00e4nde richten sich nach den in der Registry hinterlegten werden.<\/p>\n\n\n\n<p>Zum Umsetzten der \u00c4nderungen ist ein Abmelden des Benutzers notwendig (oder Neustart). Ein Neu starten des Explorer-Prozesses hat bei mir nicht ausgereicht, also d\u00fcrfte dieser Wert tats\u00e4chlich beim fr\u00fchen Login-Prozess von Windows verarbeitet werden.<\/p>\n\n\n\n<p>Warum sich diese nach einem Neustart komplett ver\u00e4ndern bleibt mit derzeitigem Stand ein R\u00e4tsel (08\/2024)<\/p>\n\n\n\n<p><\/p>\n","protected":false},"excerpt":{"rendered":"<p>Ein Thema, das mir schon auf der VDI untergekommen ist, dem ich dort aber keine Beachtung schenkte, hat pl\u00f6tzlich auch meinen privaten PC mit Win11 befallen. Nach dem Neustart waren die Symbole pl\u00f6tzlich sehr weit<\/p>\n","protected":false},"author":3,"featured_media":0,"comment_status":"open","ping_status":"open","sticky":false,"template":"","format":"standard","meta":{"footnotes":""},"categories":[1,3,4,9],"tags":[249,246,248,247,142,245,244],"class_list":["post-947","post","type-post","status-publish","format-standard","hentry","category-allgemein","category-it","category-problemmgmt","category-windows","tag-23h2","tag-desktop","tag-desktopsymbole","tag-iconspacing","tag-registry","tag-win11","tag-windows-11"],"_links":{"self":[{"href":"https:\/\/www.itsimon.at\/blog\/index.php?rest_route=\/wp\/v2\/posts\/947","targetHints":{"allow":["GET"]}}],"collection":[{"href":"https:\/\/www.itsimon.at\/blog\/index.php?rest_route=\/wp\/v2\/posts"}],"about":[{"href":"https:\/\/www.itsimon.at\/blog\/index.php?rest_route=\/wp\/v2\/types\/post"}],"author":[{"embeddable":true,"href":"https:\/\/www.itsimon.at\/blog\/index.php?rest_route=\/wp\/v2\/users\/3"}],"replies":[{"embeddable":true,"href":"https:\/\/www.itsimon.at\/blog\/index.php?rest_route=%2Fwp%2Fv2%2Fcomments&post=947"}],"version-history":[{"count":1,"href":"https:\/\/www.itsimon.at\/blog\/index.php?rest_route=\/wp\/v2\/posts\/947\/revisions"}],"predecessor-version":[{"id":948,"href":"https:\/\/www.itsimon.at\/blog\/index.php?rest_route=\/wp\/v2\/posts\/947\/revisions\/948"}],"wp:attachment":[{"href":"https:\/\/www.itsimon.at\/blog\/index.php?rest_route=%2Fwp%2Fv2%2Fmedia&parent=947"}],"wp:term":[{"taxonomy":"category","embeddable":true,"href":"https:\/\/www.itsimon.at\/blog\/index.php?rest_route=%2Fwp%2Fv2%2Fcategories&post=947"},{"taxonomy":"post_tag","embeddable":true,"href":"https:\/\/www.itsimon.at\/blog\/index.php?rest_route=%2Fwp%2Fv2%2Ftags&post=947"}],"curies":[{"name":"wp","href":"https:\/\/api.w.org\/{rel}","templated":true}]}}